{"id":3298,"date":"2019-02-08T16:43:35","date_gmt":"2019-02-08T16:43:35","guid":{"rendered":"https:\/\/amglegal.es\/blog\/?p=3298"},"modified":"2019-11-15T08:54:36","modified_gmt":"2019-11-15T08:54:36","slug":"accidente-con-patinete-electrico","status":"publish","type":"post","link":"https:\/\/amglegal.es\/blog\/accidente-con-patinete-electrico\/","title":{"rendered":"Accidente con patinete el\u00e9ctrico: C\u00f3mo reclamar una indemnizaci\u00f3n"},"content":{"rendered":"\r\n<p>Los <strong>patinetes el\u00e9ctricos<\/strong> ya son uno de los veh\u00edculos m\u00e1s habituales en la mayor\u00eda de las ciudades de toda Espa\u00f1a. Estamos viendo c\u00f3mo las grandes urbes de Europa se est\u00e1n convirtiendo en <strong><a href=\"https:\/\/lucera.es\/blog\/patinete-electrico-movilidad-sostenible\" target=\"_blank\" rel=\"noreferrer noopener\" aria-label=\" (abre en una nueva pesta\u00f1a)\">zonas urbanas sostenibles<\/a><\/strong>, apostado cada vez m\u00e1s por medios de transporte el\u00e9ctricos y <strong>zonas peatonales.\u00a0<\/strong>Ello provoca que se utilicen cada vez m\u00e1s transportes alternativos como <strong>los patinetes el\u00e9ctricos<\/strong>. Este incremento en el uso de estos veh\u00edculos est\u00e1 traduci\u00e9ndose en un mayor n\u00famero de personas que sufren un <strong>accidente con patinete el\u00e9ctrico. Sobre todo, debido a la <a href=\"https:\/\/amglegal.es\/blog\/blog\/accidente-en-patinete-electrico-por-rotura-de-manillar\/\" target=\"_blank\" rel=\"noopener\">rotura del manillar del patinete.<\/a><\/strong><\/p>\r\n\r\n\r\n\r\n<div id=\"ez-toc-container\" class=\"ez-toc-v2_0_82_2 counter-hierarchy ez-toc-counter ez-toc-grey ez-toc-container-direction\">\n<div class=\"ez-toc-title-container\">\n<p class=\"ez-toc-title\" style=\"cursor:inherit\">Contenidos<\/p>\n<span class=\"ez-toc-title-toggle\"><a href=\"#\" class=\"ez-toc-pull-right ez-toc-btn ez-toc-btn-xs ez-toc-btn-default ez-toc-toggle\" aria-label=\"Toggle Table of Content\"><span class=\"ez-toc-js-icon-con\"><span class=\"\"><span class=\"eztoc-hide\" style=\"display:none;\">Toggle<\/span><span class=\"ez-toc-icon-toggle-span\"><svg style=\"fill: #999;color:#999\" xmlns=\"http:\/\/www.w3.org\/2000\/svg\" class=\"list-377408\" width=\"20px\" height=\"20px\" viewBox=\"0 0 24 24\" fill=\"none\"><path d=\"M6 6H4v2h2V6zm14 0H8v2h12V6zM4 11h2v2H4v-2zm16 0H8v2h12v-2zM4 16h2v2H4v-2zm16 0H8v2h12v-2z\" fill=\"currentColor\"><\/path><\/svg><svg style=\"fill: #999;color:#999\" class=\"arrow-unsorted-368013\" xmlns=\"http:\/\/www.w3.org\/2000\/svg\" width=\"10px\" height=\"10px\" viewBox=\"0 0 24 24\" version=\"1.2\" baseProfile=\"tiny\"><path d=\"M18.2 9.3l-6.2-6.3-6.2 6.3c-.2.2-.3.4-.3.7s.1.5.3.7c.2.2.4.3.7.3h11c.3 0 .5-.1.7-.3.2-.2.3-.5.3-.7s-.1-.5-.3-.7zM5.8 14.7l6.2 6.3 6.2-6.3c.2-.2.3-.5.3-.7s-.1-.5-.3-.7c-.2-.2-.4-.3-.7-.3h-11c-.3 0-.5.1-.7.3-.2.2-.3.5-.3.7s.1.5.3.7z\"\/><\/svg><\/span><\/span><\/span><\/a><\/span><\/div>\n<nav><ul class='ez-toc-list ez-toc-list-level-1 ' ><li class='ez-toc-page-1 ez-toc-heading-level-2'><a class=\"ez-toc-link ez-toc-heading-1\" href=\"https:\/\/amglegal.es\/blog\/accidente-con-patinete-electrico\/#%C2%BF_Que_hacer_en_caso_de_accidente_con_patinete_electrico\" >\u00bf Qu\u00e9 hacer en caso de accidente con patinete el\u00e9ctrico?<\/a><\/li><li class='ez-toc-page-1 ez-toc-heading-level-2'><a class=\"ez-toc-link ez-toc-heading-2\" href=\"https:\/\/amglegal.es\/blog\/accidente-con-patinete-electrico\/#%C2%BF_Como_reclamar_una_indemnizacion_por_accidente_en_patinete\" >\u00bf C\u00f3mo reclamar una indemnizaci\u00f3n por accidente en patinete?<\/a><\/li><\/ul><\/nav><\/div>\n<h2 class=\"wp-block-heading\"><span class=\"ez-toc-section\" id=\"%C2%BF_Que_hacer_en_caso_de_accidente_con_patinete_electrico\"><\/span>\u00bf Qu\u00e9 hacer en caso de accidente con patinete el\u00e9ctrico?<span class=\"ez-toc-section-end\"><\/span><\/h2>\r\n\r\n\r\n\r\n<p>El patinete el\u00e9ctrico se trata de un tipo de veh\u00edculo que ha aparecido en escena recientemente, de ah\u00ed la falta de regularizaci\u00f3n en algunas ciudades. A consecuencia de esto, existe tambi\u00e9n el desconocimiento por parte de los usuarios en caso de tener un accidente con patinete.<\/p>\r\n\r\n\r\n\r\n<p>Por desgracia, no todas las noticias relacionadas con patinetes son buenas. Recientemente hemos visto c\u00f3mo un accidente provocado por un patinete el\u00e9ctrico ha causado la <a href=\"https:\/\/www.abc.es\/espana\/comunidad-valenciana\/abci-muere-joven-choco-patinete-electrico-contra-moto-dias-despues-201905031652_noticia.html\" target=\"_blank\" rel=\"noreferrer noopener\" aria-label=\"muerte a un joven de 20 a\u00f1os (abre en una nueva pesta\u00f1a)\">muerte a un joven de 20 a\u00f1os<\/a><a href=\"https:\/\/www.elconfidencial.com\/espana\/2018-11-28\/patinete-electrico-mujer-90-anos-barcelona_1674274\/\" target=\"_blank\" rel=\"noreferrer noopener\" aria-label=\" (abre en una nueva pesta\u00f1a)\">. <\/a> Esta falta de informaci\u00f3n sobre su uso est\u00e1 provocando un aumento considerable en el n\u00famero de accidentes de tr\u00e1fico, y la falta de conocimiento sobre c\u00f3mo actuar ante estos accidentes.<\/p>\r\n\r\n\r\n\r\n<div class=\"wp-block-button aligncenter is-style-squared\"><a class=\"wp-block-button__link has-background has-vivid-green-cyan-background-color\" href=\"https:\/\/amglegal.es\/blog\/cuentanos-tu-caso\/\">Quiero reclamar<\/a><\/div>\r\n\r\n\r\n\r\n<h3 class=\"wp-block-heading\">\u00bf Cu\u00e1l es el primer paso tras el accidente con patinete el\u00e9ctrico?<\/h3>\r\n\r\n\r\n\r\n<p>Aqu\u00ed te mostramos nuestra famosa <strong>&#8220;Gu\u00eda r\u00e1pida&#8221;<\/strong>.<\/p>\r\n\r\n\r\n\r\n<ul class=\"wp-block-list\">\r\n<li>Es muy importante <strong>tomar todos los datos <\/strong>identificativos del conductor y, si es preciso, sacar una foto a su DNI.<\/li>\r\n<li>Elabora un <strong><a href=\"https:\/\/amglegal.es\/blog\/blog\/como-rellenar-un-parte-amistoso\/\">parte amistoso y f\u00edrmalo.<\/a><\/strong><\/li>\r\n<li><strong>Llama a la polic\u00eda<\/strong> para que elabore un atestado.\u00a0<\/li>\r\n<li>Coge los datos de personas que hayan podido presenciar el accidente para que sean tus <strong>testigos<\/strong>.<\/li>\r\n<li>Si has sufrido lesiones de importancia, llama al 112 para que te env\u00eden una ambulancia.<\/li>\r\n<li><strong>Tomar <\/strong>todas las <strong>fotos<\/strong><a href=\"https:\/\/amglegal.es\/blog\/blog\/como-rellenar-un-parte-amistoso\/\" target=\"_blank\" rel=\"noreferrer noopener\" aria-label=\" posible (abre en una nueva pesta\u00f1a)\"> posible<\/a>s de los<strong> veh\u00edculos y de los da\u00f1os sufridos<\/strong> en los mismos, as\u00ed como del deterioro de posibles pertenencias.<\/li>\r\n<li>Es importante que sepas que <strong>si has sufrido lesiones <\/strong>tienes\u00a0solo\u00a0<strong>72\u00a0horas<\/strong>\u00a0para\u00a0acudir\u00a0a\u00a0Urgencias.<\/li>\r\n<\/ul>\r\n\r\n\r\n\r\n<div class=\"wp-block-image\">\r\n<figure class=\"aligncenter\"><img loading=\"lazy\" decoding=\"async\" width=\"1024\" height=\"597\" class=\"wp-image-4659\" src=\"https:\/\/amglegal.es\/blog\/wp-content\/uploads\/2019\/02\/accidente-con-patinete-electrico-1024x597.jpg\" alt=\"Reclamar accidente con patinete el\u00e9ctrico\" srcset=\"https:\/\/amglegal.es\/blog\/wp-content\/uploads\/2019\/02\/accidente-con-patinete-electrico.jpg 1024w, https:\/\/amglegal.es\/blog\/wp-content\/uploads\/2019\/02\/accidente-con-patinete-electrico-300x175.jpg 300w, https:\/\/amglegal.es\/blog\/wp-content\/uploads\/2019\/02\/accidente-con-patinete-electrico-768x448.jpg 768w\" sizes=\"auto, (max-width: 1024px) 100vw, 1024px\" \/><\/figure>\r\n<\/div>\r\n\r\n\r\n\r\n<h3 class=\"wp-block-heading\">\u00bfY si el accidente es contra otro veh\u00edculo o peat\u00f3n?<\/h3>\r\n\r\n\r\n\r\n<p>Hay que tener en cuenta que en cualquier accidente pueden intervenir diferentes veh\u00edculos como motos, bicicletas, monopatines e incluso entre dos o m\u00e1s patinetes. Por ello, dependiendo del veh\u00edculo, habr\u00e1 que actuar de manera diferente.<\/p>\r\n\r\n\r\n\r\n<blockquote class=\"wp-block-quote is-layout-flow wp-block-quote-is-layout-flow\">\r\n<p><em>&#8220;Dependiendo del veh\u00edculo responsable reclamaremos de distinta manera&#8221;<\/em><\/p>\r\n<cite><a href=\"https:\/\/www.lasprovincias.es\/valencia-ciudad\/patinetes-electricos-valencia-20180528201228-nt.html\" target=\"_blank\" rel=\"noreferrer noopener\" aria-label=\"Alejandro Sanchis. Director \u00c1rea Jur\u00eddica de AMG Legal.es (abre en una nueva pesta\u00f1a)\">Alejandro Sanchis. Director \u00c1rea Jur\u00eddica de AMG Legal.es<\/a><\/cite><\/blockquote>\r\n\r\n\r\n\r\n<h2 class=\"wp-block-heading\" id=\"mce_21\"><span class=\"ez-toc-section\" id=\"%C2%BF_Como_reclamar_una_indemnizacion_por_accidente_en_patinete\"><\/span>\u00bf C\u00f3mo reclamar una indemnizaci\u00f3n por accidente en patinete?<span class=\"ez-toc-section-end\"><\/span><\/h2>\r\n\r\n\r\n\r\n<p>Estos son los distintos pasos a seguir seg\u00fan el veh\u00edculo implicado en el accidente con patinete el\u00e9ctrico:<\/p>\r\n\r\n\r\n\r\n<ol class=\"wp-block-list\">\r\n<li>En primer lugar, habr\u00e1 que determinar qui\u00e9n es el verdadero responsable.<\/li>\r\n<li>Una vez hayamos averiguado el culpable, comprobaremos si tiene compa\u00f1\u00eda de seguros contratada. Si en el accidente ha intervenido un coche o una moto, s\u00ed que tendr\u00e1 seguro, ya que es obligatorio. En ese caso, la reclamaci\u00f3n se efectuar\u00e1 contra la compa\u00f1\u00eda aseguradora.<\/li>\r\n<li>\u00bfQu\u00e9 ocurre si el veh\u00edculo no tuviera compa\u00f1\u00eda aseguradora? En este caso, no te preocupes, puedes presentar la reclamaci\u00f3n contra el conductor culpable. Sin embargo, es importante que sepas que cuando el responsable <strong><a href=\"https:\/\/amglegal.es\/blog\/blog\/que-hacer-cuando-el-causante-del-accidente-no-tiene-seguro\/\" target=\"_blank\" rel=\"noreferrer noopener\" aria-label=\"no tiene seguro (abre en una nueva pesta\u00f1a)\">no tiene seguro<\/a>\u00a0<\/strong>, debes tomar una serie de medidas para garantizar el cobro de tu indemnizaci\u00f3n.\r\n<ul>\r\n<li>Como he indicado antes, coge todos los datos identificativos. Tambi\u00e9n los de los testigos.<\/li>\r\n<li>Llama a la polic\u00eda si lo ves necesario.<\/li>\r\n<li>Toma los datos del veh\u00edculo, como matr\u00edcula, marca y modelo.<\/li>\r\n<\/ul>\r\n<\/li>\r\n<li>Por \u00faltimo, una vez se efect\u00fae la reclamaci\u00f3n y se contact\u00e9 con la compa\u00f1\u00eda aseguradora o conductor responsable se negociar\u00e1 la indemnizaci\u00f3n por las lesiones sufridas conforme al <a href=\"https:\/\/amglegal.es\/blog\/blog\/baremo-accidentes-de-trafico\/\" target=\"_blank\" rel=\"noreferrer noopener\" aria-label=\" (abre en una nueva pesta\u00f1a)\">baremo de circulaci\u00f3n. <\/a><\/li>\r\n<\/ol>\r\n\r\n\r\n\r\n<p>En conclusi\u00f3n, llevar a cabo estas actuaciones, tanto si eres v\u00edctima como responsable en un accidente de tr\u00e1fico con patinete el\u00e9ctrico, pueden ayudarte a obtener una indemnizaci\u00f3n justa. En cualquier caso, siempre es aconsejable recibir el asesoramiento de <a href=\"https:\/\/amglegal.es\/blog\/reclama-tu-accidente-trafico\/\" target=\"_blank\" rel=\"noreferrer noopener\" aria-label=\" (abre en una nueva pesta\u00f1a)\">un abogado especialista en accidente de circulaci\u00f3n.<\/a><\/p>\r\n\r\n\r\n\r\n<p>En <strong><a href=\"https:\/\/amglegal.es\/blog\" target=\"_blank\" rel=\"noreferrer noopener\" aria-label=\"AMG Legal (abre en una nueva pesta\u00f1a)\">AMG Legal<\/a><\/strong> contamos con un equipo de abogados expertos en accidentes con patinete el\u00e9ctrico. Si necesitas que uno de nuestros abogados te ayude o reclame por ti, estaremos encantados de ayudarte con tu caso para que consigas la m\u00e1xima indemnizaci\u00f3n.<\/p>\r\n\r\n\r\n\r\n<div class=\"wp-block-columns has-2-columns is-layout-flex wp-container-core-columns-is-layout-9d6595d7 wp-block-columns-is-layout-flex\">\r\n<div class=\"wp-block-column is-layout-flow wp-block-column-is-layout-flow\">\r\n<div class=\"wp-block-button aligncenter is-style-squared\"><a class=\"wp-block-button__link has-background has-luminous-vivid-orange-background-color\" href=\"tel:+34674274939\">Quiero m\u00e1s informaci\u00f3n<\/a><\/div>\r\n<\/div>\r\n\r\n\r\n\r\n<div class=\"wp-block-column is-layout-flow wp-block-column-is-layout-flow\">\r\n<div class=\"wp-block-button aligncenter is-style-squared\"><a class=\"wp-block-button__link has-background has-vivid-green-cyan-background-color\" href=\"https:\/\/api.whatsapp.com\/send?phone=34674274922&amp;text=Hola%20AMG!%20Necesito%20ayuda%20con%20mi%20reclamaci%C3%B3n.\">Consultar por WhatsApp<\/a><\/div>\r\n<\/div>\r\n<\/div>\r\n\r\n\r\n\r\n<p>&nbsp;<\/p>\r\n","protected":false},"excerpt":{"rendered":"<p>Los patinetes el\u00e9ctricos ya son uno de los veh\u00edculos m\u00e1s habituales en la mayor\u00eda de las ciudades de toda Espa\u00f1a. Estamos viendo como las grandes urbes de Europa se est\u00e1n convirtiendo en zonas urbanas sostenibles.<\/p>\n","protected":false},"author":1,"featured_media":3630,"comment_status":"open","ping_status":"open","sticky":false,"template":"","format":"standard","meta":{"footnotes":""},"categories":[137],"tags":[],"class_list":["post-3298","post","type-post","status-publish","format-standard","has-post-thumbnail","hentry","category-patinete-electrico"],"_links":{"self":[{"href":"https:\/\/amglegal.es\/blog\/wp-json\/wp\/v2\/posts\/3298","targetHints":{"allow":["GET"]}}],"collection":[{"href":"https:\/\/amglegal.es\/blog\/wp-json\/wp\/v2\/posts"}],"about":[{"href":"https:\/\/amglegal.es\/blog\/wp-json\/wp\/v2\/types\/post"}],"author":[{"embeddable":true,"href":"https:\/\/amglegal.es\/blog\/wp-json\/wp\/v2\/users\/1"}],"replies":[{"embeddable":true,"href":"https:\/\/amglegal.es\/blog\/wp-json\/wp\/v2\/comments?post=3298"}],"version-history":[{"count":16,"href":"https:\/\/amglegal.es\/blog\/wp-json\/wp\/v2\/posts\/3298\/revisions"}],"predecessor-version":[{"id":5052,"href":"https:\/\/amglegal.es\/blog\/wp-json\/wp\/v2\/posts\/3298\/revisions\/5052"}],"wp:featuredmedia":[{"embeddable":true,"href":"https:\/\/amglegal.es\/blog\/wp-json\/wp\/v2\/media\/3630"}],"wp:attachment":[{"href":"https:\/\/amglegal.es\/blog\/wp-json\/wp\/v2\/media?parent=3298"}],"wp:term":[{"taxonomy":"category","embeddable":true,"href":"https:\/\/amglegal.es\/blog\/wp-json\/wp\/v2\/categories?post=3298"},{"taxonomy":"post_tag","embeddable":true,"href":"https:\/\/amglegal.es\/blog\/wp-json\/wp\/v2\/tags?post=3298"}],"curies":[{"name":"wp","href":"https:\/\/api.w.org\/{rel}","templated":true}]}}