{"id":7973,"date":"2021-06-08T05:58:34","date_gmt":"2021-06-08T05:58:34","guid":{"rendered":"https:\/\/amglegal.es\/?p=7927"},"modified":"2021-06-08T05:58:34","modified_gmt":"2021-06-08T05:58:34","slug":"reclamar-perdida-beneficios-paralizacion-actividad","status":"publish","type":"post","link":"https:\/\/amglegal.es\/blog\/reclamar-perdida-beneficios-paralizacion-actividad\/","title":{"rendered":"\u00bfC\u00f3mo reclamar la p\u00e9rdida de beneficios por paralizaci\u00f3n de actividad COVID &#8211; 19?"},"content":{"rendered":"<p>Es com\u00fan entre los empresarios suscribir p\u00f3lizas de seguros para sus negocios, en los que se contemplen diversas contingencias a cubrir. Entre ellas<strong>, cubrir las p\u00e9rdidas de beneficios por la paralizaci\u00f3n de actividad<\/strong>, para periodos en que disminuya la actividad econ\u00f3mica y consecuentemente los ingresos. Esto es fundamental para poder reclamar p\u00e9rdida de beneficios por paralizaci\u00f3n de actividad.<br \/>\nCon la pandemi<strong>a COVID &#8211; 19 <\/strong>muchos empresarios<strong> han sufrido la p\u00e9rdida de beneficios en sus negocios<\/strong>. Y es ahora cuando han querido hacer valer las p\u00f3lizas contratadas y sus coberturas.<br \/>\nEn este art\u00edculo te explicamos c\u00f3mo es posible reclamar al seguro esta cobertura que pudieran tener contratada. Algunos tribunales ya se han pronunciado al respecto, por ello nos remitiremos a la Sentencia de la Audiencia Provincial de Girona de 3 febrero del 2021.<\/p>\n<div id=\"ez-toc-container\" class=\"ez-toc-v2_0_82_2 counter-hierarchy ez-toc-counter ez-toc-grey ez-toc-container-direction\">\n<div class=\"ez-toc-title-container\">\n<p class=\"ez-toc-title\" style=\"cursor:inherit\">Contenidos<\/p>\n<span class=\"ez-toc-title-toggle\"><a href=\"#\" class=\"ez-toc-pull-right ez-toc-btn ez-toc-btn-xs ez-toc-btn-default ez-toc-toggle\" aria-label=\"Toggle Table of Content\"><span class=\"ez-toc-js-icon-con\"><span class=\"\"><span class=\"eztoc-hide\" style=\"display:none;\">Toggle<\/span><span class=\"ez-toc-icon-toggle-span\"><svg style=\"fill: #999;color:#999\" xmlns=\"http:\/\/www.w3.org\/2000\/svg\" class=\"list-377408\" width=\"20px\" height=\"20px\" viewBox=\"0 0 24 24\" fill=\"none\"><path d=\"M6 6H4v2h2V6zm14 0H8v2h12V6zM4 11h2v2H4v-2zm16 0H8v2h12v-2zM4 16h2v2H4v-2zm16 0H8v2h12v-2z\" fill=\"currentColor\"><\/path><\/svg><svg style=\"fill: #999;color:#999\" class=\"arrow-unsorted-368013\" xmlns=\"http:\/\/www.w3.org\/2000\/svg\" width=\"10px\" height=\"10px\" viewBox=\"0 0 24 24\" version=\"1.2\" baseProfile=\"tiny\"><path d=\"M18.2 9.3l-6.2-6.3-6.2 6.3c-.2.2-.3.4-.3.7s.1.5.3.7c.2.2.4.3.7.3h11c.3 0 .5-.1.7-.3.2-.2.3-.5.3-.7s-.1-.5-.3-.7zM5.8 14.7l6.2 6.3 6.2-6.3c.2-.2.3-.5.3-.7s-.1-.5-.3-.7c-.2-.2-.4-.3-.7-.3h-11c-.3 0-.5.1-.7.3-.2.2-.3.5-.3.7s.1.5.3.7z\"\/><\/svg><\/span><\/span><\/span><\/a><\/span><\/div>\n<nav><ul class='ez-toc-list ez-toc-list-level-1 ' ><li class='ez-toc-page-1 ez-toc-heading-level-2'><a class=\"ez-toc-link ez-toc-heading-1\" href=\"https:\/\/amglegal.es\/blog\/reclamar-perdida-beneficios-paralizacion-actividad\/#1-_%C2%BFComo_y_cuando_puedo_reclamar_la_perdida_de_beneficios_por_la_paralizacion_de_la_actividad\" >1.- \u00bfC\u00f3mo y cu\u00e1ndo puedo reclamar la p\u00e9rdida de beneficios por la paralizaci\u00f3n de la actividad?<\/a><\/li><li class='ez-toc-page-1 ez-toc-heading-level-2'><a class=\"ez-toc-link ez-toc-heading-2\" href=\"https:\/\/amglegal.es\/blog\/reclamar-perdida-beneficios-paralizacion-actividad\/#Llamanos_900_525_515\" >Ll\u00e1manos 900 525 515<\/a><\/li><li class='ez-toc-page-1 ez-toc-heading-level-2'><a class=\"ez-toc-link ez-toc-heading-3\" href=\"https:\/\/amglegal.es\/blog\/reclamar-perdida-beneficios-paralizacion-actividad\/#2-_Motivos_para_reclamar_las_perdidas_de_beneficios_por_la_paralizacion_de_la_actividad_Analisis_de_la_Sentencia_de_la_AP_de_Girona_de_3_de_febrero_del_2021\" >2.- Motivos para reclamar las p\u00e9rdidas de beneficios por la paralizaci\u00f3n de la actividad. An\u00e1lisis de la Sentencia de la AP de Girona de 3 de febrero del 2021.<\/a><\/li><li class='ez-toc-page-1 ez-toc-heading-level-2'><a class=\"ez-toc-link ez-toc-heading-4\" href=\"https:\/\/amglegal.es\/blog\/reclamar-perdida-beneficios-paralizacion-actividad\/#Consulta_Gratuita\" >Consulta Gratuita<\/a><\/li><li class='ez-toc-page-1 ez-toc-heading-level-2'><a class=\"ez-toc-link ez-toc-heading-5\" href=\"https:\/\/amglegal.es\/blog\/reclamar-perdida-beneficios-paralizacion-actividad\/#3-_Conclusion_La_exclusion_debera_contemplarse_expresamente_en_la_poliza_para_reclamar_perdida_de_beneficios_por_paralizacion_de_actividad\" >3.- Conclusi\u00f3n:\u00a0 La exclusi\u00f3n deber\u00e1 contemplarse expresamente en la p\u00f3liza para reclamar p\u00e9rdida de beneficios por paralizaci\u00f3n de actividad<\/a><\/li><\/ul><\/nav><\/div>\n<h2><span class=\"ez-toc-section\" id=\"1-_%C2%BFComo_y_cuando_puedo_reclamar_la_perdida_de_beneficios_por_la_paralizacion_de_la_actividad\"><\/span><strong>1.- \u00bfC\u00f3mo y cu\u00e1ndo puedo reclamar la p\u00e9rdida de beneficios por la paralizaci\u00f3n de la actividad?<\/strong><span class=\"ez-toc-section-end\"><\/span><\/h2>\n<ul>\n<li>En primer lugar, se deber\u00e1 <strong>estudiar la p\u00f3liza contratada<\/strong>, tanto las condiciones particulares como las condiciones generales de la misma.<\/li>\n<li><strong>Justificante de pago<\/strong> de la prima abonado en el a\u00f1o en que se produjo el \u201csiniestro\u201d<\/li>\n<li><strong>El plazo para reclamar:<\/strong> es entre 2 o 5 a\u00f1os dependiendo del tipo de p\u00f3liza.<\/li>\n<li>Recabar la <strong>documentaci\u00f3n contable<\/strong> de la compa\u00f1\u00eda, bien sea un aut\u00f3nomo persona f\u00edsica o jur\u00eddica. Con los tres \u00faltimos ejercicios ser\u00e1 suficiente.<\/li>\n<li><strong>Costes:<\/strong> abogado y procurador. Los honorarios variar\u00e1n en funci\u00f3n del importe que se reclama.<\/li>\n<\/ul>\n<h2 style=\"text-align: center;\"><span class=\"ez-toc-section\" id=\"Llamanos_900_525_515\"><\/span><a class=\"maxbutton-2 maxbutton maxbutton-llamanos\" target=\"_blank\" rel=\"noopener\" href=\"https:\/\/amglegal.es\/blog\/redireccionando-llamada\/\"><span class='mb-text'>Ll\u00e1manos 900 525 515<\/span><\/a><span class=\"ez-toc-section-end\"><\/span><\/h2>\n<h2><span class=\"ez-toc-section\" id=\"2-_Motivos_para_reclamar_las_perdidas_de_beneficios_por_la_paralizacion_de_la_actividad_Analisis_de_la_Sentencia_de_la_AP_de_Girona_de_3_de_febrero_del_2021\"><\/span><strong>2.- Motivos para reclamar las p\u00e9rdidas de beneficios por la paralizaci\u00f3n de la actividad. An\u00e1lisis de la Sentencia de la AP de Girona de 3 de febrero del 2021. <\/strong><span class=\"ez-toc-section-end\"><\/span><\/h2>\n<p>La Sentencia mencionada <strong>condena a la compa\u00f1\u00eda aseguradora a pagar al empresario<\/strong> la cantidad de 6.000 \u20ac en concepto la p\u00e9rdida de beneficios por la paralizaci\u00f3n de actividad.<br \/>\nPues descargarte la Sentencia haciendo click <a href=\"https:\/\/amglegal.es\/blog\/wp-content\/uploads\/2018\/11\/1.-SAP-GI-13_2021-ECLI_ES_APGI_2021_13-Poder-Judicial.pdf\" target=\"_blank\" rel=\"noopener\">aqu\u00ed.<\/a><\/p>\n<h3>2.1.- A continuaci\u00f3n, te explicamos el supuesto de hecho y la cuesti\u00f3n jur\u00eddica.<\/h3>\n<p><u>Hechos:<\/u><br \/>\nEl empresario, demandante, tiene un negocio pizzer\u00eda &#8211; restaurante \u201cBella Napoli&#8221;.<br \/>\n<strong>Este empresario contrat\u00f3 para su negocio una p\u00f3liza<\/strong> con Segur Caixa Adeslas, S.A. denominado \u201cSegurCaixa negocio\u201d<strong> Entre las coberturas<\/strong>, <strong>figuraba la p\u00e9rdida de beneficios por paralizaci\u00f3n de actividad<\/strong>, donde se contempla una indemnizaci\u00f3n diaria de 200 \u20ac, con un periodo de indemnizaci\u00f3n de 30 d\u00edas sin franquicia.<br \/>\nEl empresario demandante interpuso demanda reclamando la cantidad de 6000 frente a la compa\u00f1\u00eda aseguradora SegurCaixa Adeslas, S.A.<br \/>\n<u>Respecto a la fundamentaci\u00f3n jur\u00eddica: <\/u><br \/>\nComienza la Sentencia realizando una aclaraci\u00f3n, que a nuestro parecer es relevante y que debemos tratar. Es la <strong>exclusi\u00f3n<\/strong> del supuesto <strong>de pandemia, Covid-19, como un \u201cgran riesgo<\/strong>\u201d y el r\u00e9gimen jur\u00eddico aplicable &#8221;particular &#8220; o &#8221;especial\u201d que vienen a establecer el art. 44 y 2 de la Ley del Contrato de Seguro para dichos riesgos espec\u00edficos.<br \/>\nPara este tipo de grandes riesgos <strong>no ser\u00e1 de aplicaci\u00f3n imperativa la Ley del Contrato de Seguro<\/strong> sino lo pactado entre las partes. Y en defecto de ello ser\u00e1 la aplicaci\u00f3n de la Ley del Contrato de Seguro. El presente caso <strong>no se contempla como un \u201cgran riesgo\u201d<\/strong> y por lo tanto ser\u00e1 de aplicaci\u00f3n la Ley del Contrato de Seguro.<br \/>\nSe estar\u00e1 a las reglas que establece la Ley del Contrato de Seguro.<\/p>\n<blockquote>\n<p style=\"text-align: center;\"><em><strong>Exclusi\u00f3n<\/strong> del supuesto <strong>de pandemia, Covid-19, como un \u201cgran riesgo&#8221;<\/strong><\/em><\/p>\n<\/blockquote>\n<h3><\/h3>\n<h3>2.2.- Dicho esto, la Sentencia contin\u00faa efectuando una diferencia entre<strong> tres tipos de cl\u00e1usulas. <\/strong><\/h3>\n<ul>\n<li><strong>Las cl\u00e1usulas delimitadoras<\/strong>: son aquellas que definen el objeto del contrato y perfila el compromiso que asume la compa\u00f1\u00eda aseguradora. De manera tal que, si el siniestro se produce fuera de dicha delimitaci\u00f3n, positiva o negativamente establecida en el contrato, no nace la obligaci\u00f3n de la compa\u00f1\u00eda aseguradora de hacerse cargo de su cobertura.<\/li>\n<li><strong>Las cl\u00e1usulas limitativas<\/strong>: vienen a restringir, condicionar o modificar el derecho o modificar el derecho del asegurado a la indemnizaci\u00f3n, una vez que el riesgo objeto del seguro se ha determinado. Ser\u00edan aquellas que empeoran la situaci\u00f3n negocial del asegurado.<\/li>\n<li><strong>Las cl\u00e1usulas lesivas<\/strong>: las cl\u00e1usulas lesivas son invalidas siempre, y son aquellas que reducen considerablemente y de manera desproporcionada el derecho del asegurado, vaci\u00e1ndolo de contenido. De manera que es pr\u00e1cticamente imposible acceder a la cobertura. Es decir, impide la eficacia de la p\u00f3liza.<\/li>\n<\/ul>\n<p>Hecha esta distinci\u00f3n, el art\u00edculo 3 de la Ley del Contrato y Seguro, requiere que<strong> las cl\u00e1usulas delimitadoras solo precisan de una aceptaci\u00f3n gen\u00e9rica,<\/strong> sin la necesidad de la observancia de los requisitos especiales.<br \/>\nSin embargo, las <strong>cl\u00e1usulas limitativas<\/strong> deben <strong>cumplir<\/strong> conjuntamente los <strong>dos requisitos<\/strong> previstos en el art\u00edculo 3 de la LCS, esto es:<\/p>\n<ul>\n<li>Estar destacadas de modo especial. (marcada en negrita y cursiva)<\/li>\n<li>Ser expresamente aceptadas por escrito, formalidades que es preciso acreditar y que resultan esenciales para comprobar que el asegurado tuvo un exacto conocimiento del riesgo cubierto y consinti\u00f3 en dicha limitaci\u00f3n de su derecho.<\/li>\n<\/ul>\n<p><u>Resumiendo:<\/u><br \/>\n<strong>1.- Cl\u00e1usulas delimitadoras: <\/strong><\/p>\n<ul>\n<li>Definen objeto del contrato<\/li>\n<li>Basta una aceptaci\u00f3n gen\u00e9rica.<\/li>\n<\/ul>\n<p><strong>2.- Cl\u00e1usulas limitativas: <\/strong><\/p>\n<ul>\n<li>Condicionan o restringen el objeto del contrato.<\/li>\n<li>Requieren: aceptaci\u00f3n expresa y estar marcadas de modo especial<\/li>\n<\/ul>\n<h3>2.3.<strong>&#8211;<u>En el presente caso<\/u><\/strong>,<\/h3>\n<p>En el <strong>condicionado particular <\/strong>de la p\u00f3liza, se contiene una cl\u00e1usula \u201cdelimitadora del riesgo cubierto\u201d que establece el supuesto de p\u00e9rdida de beneficios por paralizaci\u00f3n de la actividad del negocio.<br \/>\nLa cual \u00fanicamente contempla un m\u00e1ximo de 30 d\u00edas a raz\u00f3n de 200 \u20ac\/d\u00eda. Sometida dicha cl\u00e1usula al r\u00e9gimen de aceptaci\u00f3n gen\u00e9rica, sin limitaci\u00f3n de los derechos del asegurado que hiciera necesario la observancia de los requisitos que establece el art.3 de la Ley del Contrato de Seguro.<\/p>\n<h3>2.4.- Y\u00a0 en el Condicionado General de la P\u00f3liza.<\/h3>\n<p>En el condicionad general de la p\u00f3liza contratada se define la Cobertura de p\u00e9rdida de Beneficio.<\/p>\n<ol start=\"2\">\n<li><em> El asegurador cubre en funci\u00f3n de la modalidad de indemnizaci\u00f3n convenida y hasta el l\u00edmite econ\u00f3mico y temporal indicado en Condiciones Particulares, <\/em><em>las p\u00e9rdidas econ\u00f3micas que ocasiones la paralizaci\u00f3n temporal, total o parcial, de la actividad empresarial asegurada cuando sea consecuencia directa de un siniestro amparado por la p\u00f3liza comprendido en las coberturas del cap\u00edtulo III de estas Condiciones Generales &#8220;Coberturas de da\u00f1os&#8221;, que hayan sido expresamente contratadas. <\/em><\/li>\n<\/ol>\n<p><em>En ning\u00fan caso, la indemnizaci\u00f3n podr\u00e1 exceder del tiempo estrictamente necesario para realizar la reparaci\u00f3n de los da\u00f1os causados por el siniestro&#8221;.<\/em><br \/>\nDe este modo, se refuerza el argumento de que nos hallamos antes una cl\u00e1usula limitativa, el hecho de que, en el condicionado general haga una remisi\u00f3n al condicionado particular. Adem\u00e1s, que <strong>la p\u00f3liza no contemple expresamente la cobertura referida a la paralizaci\u00f3n <\/strong>de negocio por la pandemia. Por lo que impone que su exclusi\u00f3n en el condicionado general, <strong>reclamar\u00eda los requisitos del art. 3 de la Ley del Contrato de Seguro. <\/strong><\/p>\n<h2 style=\"text-align: center;\"><span class=\"ez-toc-section\" id=\"Consulta_Gratuita\"><\/span><a class=\"maxbutton-1 maxbutton maxbutton-consulta-gratuita\" target=\"_blank\" rel=\"noopener\" href=\"https:\/\/amglegal.es\/contacto\"><span class='mb-text'>Consulta Gratuita<\/span><\/a><span class=\"ez-toc-section-end\"><\/span><\/h2>\n<h2><span class=\"ez-toc-section\" id=\"3-_Conclusion_La_exclusion_debera_contemplarse_expresamente_en_la_poliza_para_reclamar_perdida_de_beneficios_por_paralizacion_de_actividad\"><\/span><strong>3.- Conclusi\u00f3n:\u00a0 La exclusi\u00f3n deber\u00e1 contemplarse expresamente en la p\u00f3liza para reclamar p\u00e9rdida de beneficios por paralizaci\u00f3n de actividad<\/strong><span class=\"ez-toc-section-end\"><\/span><\/h2>\n<p>Entendemos que para que la compa\u00f1\u00eda aseguradora pueda fundamentar la<strong> exclusi\u00f3n deber\u00e1 contemplarse expresamente en la p\u00f3liza<\/strong> el riesgo referido a la paralizaci\u00f3n del negocio por la pandemia c<strong>on los requisitos que reclama el art. 3 de la LCS<\/strong>. Esto es: estar destacada de forma especial y aceptaci\u00f3n por escrito del asegurado.<br \/>\nY tal y como sostiene la Sentencia;<em> aceptar lo contrario,<\/em> (es decir, no exigir que los requisitos de las cl\u00e1usulas limitativas) s<em>upondr\u00eda tanto restringir la cobertura esperar por el asegurado, dejando desnaturalizado la paralizaci\u00f3n del negocio cubierto, en principio, por el seguro contrato. <\/em><br \/>\n<strong>En conclusi\u00f3n<\/strong>, podemos afirmar que la pandemia provocada por el Covid-19 y sus efectos econ\u00f3micos negativos <strong>pueden ser motivo para reclamar una indemnizaci\u00f3n<\/strong> a las compa\u00f1\u00edas de seguro por p\u00e9rdida de beneficios. Sin embargo, habr\u00e1 que estar al caso concreto y cerciorarnos de que las condiciones cumplen con los requisitos expuestos. Para ello es recomendable tener el apoyo de un <a href=\"https:\/\/amglegal.es\/\">despacho de abogados especializado en responsabilidad civil y seguro<\/a>.<\/p>\n","protected":false},"excerpt":{"rendered":"<p>Es com\u00fan entre los empresarios suscribir p\u00f3lizas de seguros para sus negocios, en los que se contemplen diversas contingencias a cubrir. Entre ellas, cubrir las p\u00e9rdidas de beneficios por la paralizaci\u00f3n de actividad, para periodos en que disminuya la actividad econ\u00f3mica y consecuentemente los ingresos. Esto es fundamental para poder reclamar p\u00e9rdida de beneficios por paralizaci\u00f3n de actividad. Con la pandemia COVID &#8211; 19 muchos empresarios han sufrido la p\u00e9rdida de beneficios en sus negocios. Y es ahora cuando han querido hacer valer las p\u00f3lizas contratadas y sus coberturas. En este art\u00edculo te explicamos c\u00f3mo es posible reclamar al seguro esta cobertura que pudieran tener contratada. Algunos tribunales ya se han pronunciado al respecto, por ello nos remitiremos a la Sentencia de la Audiencia Provincial de Girona de 3 febrero del 2021. 1.- \u00bfC\u00f3mo y cu\u00e1ndo puedo reclamar la p\u00e9rdida de beneficios por la paralizaci\u00f3n de la actividad? En primer lugar, se deber\u00e1 estudiar la p\u00f3liza contratada, tanto las condiciones particulares como las condiciones generales de la misma. Justificante de pago de la prima abonado en el a\u00f1o en que se produjo el \u201csiniestro\u201d El plazo para reclamar: es entre 2 o 5 a\u00f1os dependiendo del tipo de p\u00f3liza. Recabar la documentaci\u00f3n contable de la compa\u00f1\u00eda, bien sea un aut\u00f3nomo persona f\u00edsica o jur\u00eddica. Con los tres \u00faltimos ejercicios ser\u00e1 suficiente. Costes: abogado y procurador. Los honorarios variar\u00e1n en funci\u00f3n del importe que se reclama. 2.- Motivos para reclamar las p\u00e9rdidas de beneficios por la paralizaci\u00f3n de la actividad. An\u00e1lisis de la Sentencia de la AP de Girona de 3 de febrero del 2021. La Sentencia mencionada condena a la compa\u00f1\u00eda aseguradora a pagar al empresario la cantidad de 6.000 \u20ac en concepto la p\u00e9rdida de beneficios por la paralizaci\u00f3n de actividad. Pues descargarte la Sentencia haciendo click aqu\u00ed. 2.1.- A continuaci\u00f3n, te explicamos el supuesto de hecho y la cuesti\u00f3n jur\u00eddica. Hechos: El empresario, demandante, tiene un negocio pizzer\u00eda &#8211; restaurante \u201cBella Napoli&#8221;. Este empresario contrat\u00f3 para su negocio una p\u00f3liza con Segur Caixa Adeslas, S.A. denominado \u201cSegurCaixa negocio\u201d Entre las coberturas, figuraba la p\u00e9rdida de beneficios por paralizaci\u00f3n de actividad, donde se contempla una indemnizaci\u00f3n diaria de 200 \u20ac, con un periodo de indemnizaci\u00f3n de 30 d\u00edas sin franquicia. El empresario demandante interpuso demanda reclamando la cantidad de 6000 frente a la compa\u00f1\u00eda aseguradora SegurCaixa Adeslas, S.A. Respecto a la fundamentaci\u00f3n jur\u00eddica: Comienza la Sentencia realizando una aclaraci\u00f3n, que a nuestro parecer es relevante y que debemos tratar. Es la exclusi\u00f3n del supuesto de pandemia, Covid-19, como un \u201cgran riesgo\u201d y el r\u00e9gimen jur\u00eddico aplicable &#8221;particular &#8220; o &#8221;especial\u201d que vienen a establecer el art. 44 y 2 de la Ley del Contrato de Seguro para dichos riesgos espec\u00edficos. Para este tipo de grandes riesgos no ser\u00e1 de aplicaci\u00f3n imperativa la Ley del Contrato de Seguro sino lo pactado entre las partes. Y en defecto de ello ser\u00e1 la aplicaci\u00f3n de la Ley del Contrato de Seguro. El presente caso no se contempla como un \u201cgran riesgo\u201d y por lo tanto ser\u00e1 de aplicaci\u00f3n la Ley del Contrato de Seguro. Se estar\u00e1 a las reglas que establece la Ley del Contrato de Seguro. Exclusi\u00f3n del supuesto de pandemia, Covid-19, como un \u201cgran riesgo&#8221; 2.2.- Dicho esto, la Sentencia contin\u00faa efectuando una diferencia entre tres tipos de cl\u00e1usulas. Las cl\u00e1usulas delimitadoras: son aquellas que definen el objeto del contrato y perfila el compromiso que asume la compa\u00f1\u00eda aseguradora. De manera tal que, si el siniestro se produce fuera de dicha delimitaci\u00f3n, positiva o negativamente establecida en el contrato, no nace la obligaci\u00f3n de la compa\u00f1\u00eda aseguradora de hacerse cargo de su cobertura. Las cl\u00e1usulas limitativas: vienen a restringir, condicionar o modificar el derecho o modificar el derecho del asegurado a la indemnizaci\u00f3n, una vez que el riesgo objeto del seguro se ha determinado. Ser\u00edan aquellas que empeoran la situaci\u00f3n negocial del asegurado. Las cl\u00e1usulas lesivas: las cl\u00e1usulas lesivas son invalidas siempre, y son aquellas que reducen considerablemente y de manera desproporcionada el derecho del asegurado, vaci\u00e1ndolo de contenido. De manera que es pr\u00e1cticamente imposible acceder a la cobertura. Es decir, impide la eficacia de la p\u00f3liza. Hecha esta distinci\u00f3n, el art\u00edculo 3 de la Ley del Contrato y Seguro, requiere que las cl\u00e1usulas delimitadoras solo precisan de una aceptaci\u00f3n gen\u00e9rica, sin la necesidad de la observancia de los requisitos especiales. Sin embargo, las cl\u00e1usulas limitativas deben cumplir conjuntamente los dos requisitos previstos en el art\u00edculo 3 de la LCS, esto es: Estar destacadas de modo especial. (marcada en negrita y cursiva) Ser expresamente aceptadas por escrito, formalidades que es preciso acreditar y que resultan esenciales para comprobar que el asegurado tuvo un exacto conocimiento del riesgo cubierto y consinti\u00f3 en dicha limitaci\u00f3n de su derecho. Resumiendo: 1.- Cl\u00e1usulas delimitadoras: Definen objeto del contrato Basta una aceptaci\u00f3n gen\u00e9rica. 2.- Cl\u00e1usulas limitativas: Condicionan o restringen el objeto del contrato. Requieren: aceptaci\u00f3n expresa y estar marcadas de modo especial 2.3.&#8211;En el presente caso, En el condicionado particular de la p\u00f3liza, se contiene una cl\u00e1usula \u201cdelimitadora del riesgo cubierto\u201d que establece el supuesto de p\u00e9rdida de beneficios por paralizaci\u00f3n de la actividad del negocio. La cual \u00fanicamente contempla un m\u00e1ximo de 30 d\u00edas a raz\u00f3n de 200 \u20ac\/d\u00eda. Sometida dicha cl\u00e1usula al r\u00e9gimen de aceptaci\u00f3n gen\u00e9rica, sin limitaci\u00f3n de los derechos del asegurado que hiciera necesario la observancia de los requisitos que establece el art.3 de la Ley del Contrato de Seguro. 2.4.- Y\u00a0 en el Condicionado General de la P\u00f3liza. En el condicionad general de la p\u00f3liza contratada se define la Cobertura de p\u00e9rdida de Beneficio. El asegurador cubre en funci\u00f3n de la modalidad de indemnizaci\u00f3n convenida y hasta el l\u00edmite econ\u00f3mico y temporal indicado en Condiciones Particulares, las p\u00e9rdidas econ\u00f3micas que ocasiones la paralizaci\u00f3n temporal, total o parcial, de la actividad empresarial asegurada cuando sea consecuencia directa de un siniestro amparado por la p\u00f3liza comprendido en las coberturas del cap\u00edtulo III de estas Condiciones Generales &#8220;Coberturas de da\u00f1os&#8221;, que hayan sido expresamente contratadas. En ning\u00fan caso, la indemnizaci\u00f3n podr\u00e1 exceder [&hellip;]<\/p>\n","protected":false},"author":1,"featured_media":7520,"comment_status":"open","ping_status":"open","sticky":false,"template":"","format":"standard","meta":{"footnotes":""},"categories":[145,149,150],"tags":[],"class_list":["post-7973","post","type-post","status-publish","format-standard","has-post-thumbnail","hentry","category-cuantias-indemnizatorias","category-empresas","category-responsabilidad-civil-y-seguros"],"_links":{"self":[{"href":"https:\/\/amglegal.es\/blog\/wp-json\/wp\/v2\/posts\/7973","targetHints":{"allow":["GET"]}}],"collection":[{"href":"https:\/\/amglegal.es\/blog\/wp-json\/wp\/v2\/posts"}],"about":[{"href":"https:\/\/amglegal.es\/blog\/wp-json\/wp\/v2\/types\/post"}],"author":[{"embeddable":true,"href":"https:\/\/amglegal.es\/blog\/wp-json\/wp\/v2\/users\/1"}],"replies":[{"embeddable":true,"href":"https:\/\/amglegal.es\/blog\/wp-json\/wp\/v2\/comments?post=7973"}],"version-history":[{"count":0,"href":"https:\/\/amglegal.es\/blog\/wp-json\/wp\/v2\/posts\/7973\/revisions"}],"wp:featuredmedia":[{"embeddable":true,"href":"https:\/\/amglegal.es\/blog\/wp-json\/wp\/v2\/media\/7520"}],"wp:attachment":[{"href":"https:\/\/amglegal.es\/blog\/wp-json\/wp\/v2\/media?parent=7973"}],"wp:term":[{"taxonomy":"category","embeddable":true,"href":"https:\/\/amglegal.es\/blog\/wp-json\/wp\/v2\/categories?post=7973"},{"taxonomy":"post_tag","embeddable":true,"href":"https:\/\/amglegal.es\/blog\/wp-json\/wp\/v2\/tags?post=7973"}],"curies":[{"name":"wp","href":"https:\/\/api.w.org\/{rel}","templated":true}]}}